{"id":738,"date":"2012-05-08T22:43:44","date_gmt":"2012-05-08T20:43:44","guid":{"rendered":"http:\/\/www.cameratavocale.de\/wordpress\/?p=738"},"modified":"2019-06-19T23:01:14","modified_gmt":"2019-06-19T21:01:14","slug":"jubilaumsfestival-11-bis-20-mai-2012-alle-veranstaltungen","status":"publish","type":"post","link":"https:\/\/www.cameratavocale.de\/wordpress\/jubilaumsfestival-11-bis-20-mai-2012-alle-veranstaltungen\/","title":{"rendered":"Jubil\u00e4umsfestival vom 11. bis 20. Mai 2012"},"content":{"rendered":"<p style=\"text-align: justify;\"><a href=\"https:\/\/www.cameratavocale.de\/wordpress\/wp-content\/uploads\/2012\/03\/Seite_1_Titelbild_Flyer1.jpg\"><img loading=\"lazy\" class=\"alignleft size-medium wp-image-780\" title=\"Seite_1_Titelbild_Flyer\" src=\"https:\/\/www.cameratavocale.de\/wordpress\/wp-content\/uploads\/2012\/03\/Seite_1_Titelbild_Flyer1-600x306.jpg\" alt=\"\" width=\"600\" height=\"306\" srcset=\"https:\/\/www.cameratavocale.de\/wordpress\/wp-content\/uploads\/2012\/03\/Seite_1_Titelbild_Flyer1-600x306.jpg 600w, https:\/\/www.cameratavocale.de\/wordpress\/wp-content\/uploads\/2012\/03\/Seite_1_Titelbild_Flyer1-1000x510.jpg 1000w, https:\/\/www.cameratavocale.de\/wordpress\/wp-content\/uploads\/2012\/03\/Seite_1_Titelbild_Flyer1-768x392.jpg 768w, https:\/\/www.cameratavocale.de\/wordpress\/wp-content\/uploads\/2012\/03\/Seite_1_Titelbild_Flyer1-800x408.jpg 800w, https:\/\/www.cameratavocale.de\/wordpress\/wp-content\/uploads\/2012\/03\/Seite_1_Titelbild_Flyer1.jpg 1199w\" sizes=\"(max-width: 600px) 100vw, 600px\" \/><\/a><\/p>\n<p style=\"text-align: justify;\">Zum diesj\u00e4hrigen<strong> 25-j\u00e4hrigen Jubil\u00e4um der camerata vocale G\u00fcnzburg e.V.<\/strong> hat der Chor sich etwas Au\u00dfergew\u00f6hnliches einfallen lassen. Im <strong>Mai 2012 <\/strong>findet erstmalig ein <strong>Musikfestival in und um Wettenhausen<\/strong> statt mit einer vielf\u00e4ltigen Auswahl an Konzerten und Kulturveranstaltungen, die alle von der camerata vocale G\u00fcnzburg, Mitgliedern des Chores oder von der camerata vocale sehr nahe stehenden professionellen Musikern gestaltet werden. Der Titel <strong>VOKAL TOTAL GENIAL<\/strong> des Festivals spiegelt wider, dass Vokalmusik in all ihren Facetten von geistlicher wie weltlich-unterhaltsamer Chormusik, a cappella und mit Instrumentalbegleitung sowie von klassischem Sologesang bis hin zu Weltmusik und Jazz zu h\u00f6ren sein wird.<\/p>\n<p style=\"text-align: justify;\">Kommen Sie nach Wettenhausen und Ichenhausen, besuchen Sie unsere Konzerte, die Ausstellungser\u00f6ffnung und den M\u00e4rchennachmittag und lassen Sie sich von der F\u00fclle und Vielfalt unseres Festivals \u00fcberraschen und begeistern!<\/p>\n<p><strong><em>\u00dcbersicht aller Veranstaltungen:<\/em><\/strong><strong><br \/>\nFreitag, 11.05.2012, 19.00 Uhr: Musikalische Er\u00f6ffnung der Plakatausstellung<br \/>\n<\/strong>25 Jahre camerata vocale G\u00fcnzburg &#8211; mit der camerata vocale G\u00fcnzburg und Solisten.<br \/>\nOrt: Foyer und Kaisersaal des Klosters in Wettenhausen<\/p>\n<p style=\"text-align: justify;\"><strong>Samstag, 12.05.2012, 19.30 Uhr: Lieblingsliederkonzert<br \/>\n<\/strong>Hits und Evergreens, die dem Chor \u00fcber die Jahre besonders ans Herz gewachsen sind &#8211; u.a. mit Brahms&#8216; Liebesliederwalzern sowie Folklore aus aller Welt, Spirituals, Vocal Pop u.v.m. &#8211; camerata vocale G\u00fcnzburg &#8211; Marie-Therese Finkler (Klavier), Markus Putzke (Klavier)<br \/>\nLeitung: J\u00fcrgen Rettenmaier<br \/>\nOrt: Kaisersaal des Klosters in Wettenhausen<\/p>\n<p style=\"text-align: justify;\"><strong>Sonntag, 13.05.2012, 16.00 Uhr: Muttertagskonzert &#8211; Music for a While<br \/>\n<\/strong>Hedwig Maria Szudra (Sopran), Lisa Vo\u00df (Klavier)<br \/>\nOrt: Kaisersaal des Klosters in Wettenhausen<\/p>\n<p style=\"text-align: justify;\"><strong>Dienstag, 15.05.2012, 14.00 Uhr: M\u00e4rchenkonzert<br \/>\n<\/strong>Alfred Keck erz\u00e4hlt spannende Drachenm\u00e4rchen f\u00fcr Familien und alle M\u00e4rchenbegeisterten von 9-99 Jahren und wird dabei musikalisch von der Chorschule des St.-Thomas-Gymnasiums begleitet.<br \/>\nMusikalische Leitung: J\u00fcrgen Rettenmaier<br \/>\nOrt: 3. Stock, Foyer vor der Stickerei im Kloster in Wettenhausen<\/p>\n<p><strong>Mittwoch, 16.05.2012, 19.30 Uhr: Lieder- und Arienabend<br \/>\n<\/strong>mit Susanne Steinle (Sopran), Elke Gallenm\u00fcller (Querfl\u00f6te), Markus Putzke (Klavier)<br \/>\nOrt: Kaisersaal des Klosters in Wettenhausen<\/p>\n<p style=\"text-align: justify;\"><strong>Donnerstag, 17.05.2012, 19.30 Uhr: Oriental Jazz<br \/>\n<\/strong>Merit Ariane Stephanos (Gesang) und ihr Ensemble entf\u00fchren in eine Klangwelt, die sich in einem spannenden Dialog zwischen musikalischen Elementen aus Orient und Okzident bewegt.<br \/>\nOrt: Kaisersaal des Klosters in Wettenhausen<\/p>\n<p style=\"text-align: justify;\"><strong>Samstag, 19.05.2012, 19.30 Uhr: Projecto sul<br \/>\n<\/strong>Ruth Atzinger (Gesang) und ihre Band bringen den portugiesischen Fado sowie brasilianische Melodien und Lieder nach Wettenhausen.<br \/>\nOrt: Ehemalige Synagoge in Ichenhausen<br \/>\n<strong><br \/>\nSonntag, 20.05.2012, 10.15 Uhr: <strong>Festmesse zum 25-j\u00e4hrigen Bestehen des Chores mit der<\/strong><strong> Messe in C-Dur von Johann Ernst Eberli<\/strong>n<br \/>\n<\/strong>camerata vocale G\u00fcnzburg und Solisten: Susanne Steinle (Sopran), Beate Winter (Alt), Franz Schweizer (Tenor), Wolfgang Lutz (Bass), Kammerorchester G\u00fcnzburg.<strong><br \/>\n<\/strong>Leitung: Markus Putzke (ein Wunsch von J\u00fcrgen Rettenmaier als Jubil\u00e4umsgeschenk)<br \/>\nOrt: Klosterkirche in Wettenhausen<\/p>\n<p style=\"text-align: justify;\">Weitere Informationen zu den einzelnen Konzerten sowie Kartenbestellung und Festivalp\u00e4ssen (tickets@cameratavocale.de) finden Sie unter &#8222;Konzerte aktuell\/Konzertkalender&#8220; und &#8222;Aktuelles&#8220;.<\/p>\n<p>Wenn Sie weitere aktuelle Informationen \u00fcber den Chor und seine Konzerte erhalten m\u00f6chten, k\u00f6nnen Sie unseren kostenlosen Newsletter abonnieren &#8211; einfach eine Mail an newsletter@cameratavocale.de schicken.<a href=\"https:\/\/www.cameratavocale.de\/wordpress\/wp-content\/uploads\/2012\/03\/Seite_24_Rueckseite_Flyer.jpg\"><img loading=\"lazy\" class=\"alignnone size-medium wp-image-782\" title=\"Seite_24_Rueckseite_Flyer\" src=\"https:\/\/www.cameratavocale.de\/wordpress\/wp-content\/uploads\/2012\/03\/Seite_24_Rueckseite_Flyer-600x306.jpg\" alt=\"\" width=\"600\" height=\"306\" srcset=\"https:\/\/www.cameratavocale.de\/wordpress\/wp-content\/uploads\/2012\/03\/Seite_24_Rueckseite_Flyer-600x306.jpg 600w, https:\/\/www.cameratavocale.de\/wordpress\/wp-content\/uploads\/2012\/03\/Seite_24_Rueckseite_Flyer-800x408.jpg 800w, https:\/\/www.cameratavocale.de\/wordpress\/wp-content\/uploads\/2012\/03\/Seite_24_Rueckseite_Flyer.jpg 1206w\" sizes=\"(max-width: 600px) 100vw, 600px\" \/><\/a><\/p>\n","protected":false},"excerpt":{"rendered":"<p>Zum diesj\u00e4hrigen 25-j\u00e4hrigen Jubil\u00e4um der camerata vocale G\u00fcnzburg e.V. hat der Chor sich etwas Au\u00dfergew\u00f6hnliches einfallen lassen. Im Mai 2012 findet erstmalig ein Musikfestival in und um Wettenhausen statt mit einer vielf\u00e4ltigen Auswahl an Konzerten und Kulturveranstaltungen, die alle von der camerata vocale G\u00fcnzburg, Mitgliedern des Chores oder von der camerata vocale sehr nahe stehenden [&hellip;]<\/p>\n","protected":false},"author":4,"featured_media":780,"comment_status":"closed","ping_status":"closed","sticky":false,"template":"","format":"standard","meta":{"ngg_post_thumbnail":0},"categories":[6],"tags":[],"yoast_head":"<!-- This site is optimized with the Yoast SEO plugin v15.4 - https:\/\/yoast.com\/wordpress\/plugins\/seo\/ -->\n<title>Jubil\u00e4umsfestival vom 11. bis 20. Mai 2012 - camerata vocale<\/title>\n<meta name=\"robots\" content=\"index, follow, max-snippet:-1, max-image-preview:large, max-video-preview:-1\" \/>\n<link rel=\"canonical\" href=\"https:\/\/www.cameratavocale.de\/wordpress\/jubilaumsfestival-11-bis-20-mai-2012-alle-veranstaltungen\/\" \/>\n<meta property=\"og:locale\" content=\"de_DE\" \/>\n<meta property=\"og:type\" content=\"article\" \/>\n<meta property=\"og:title\" content=\"Jubil\u00e4umsfestival vom 11. bis 20. Mai 2012 - camerata vocale\" \/>\n<meta property=\"og:description\" content=\"Zum diesj\u00e4hrigen 25-j\u00e4hrigen Jubil\u00e4um der camerata vocale G\u00fcnzburg e.V. hat der Chor sich etwas Au\u00dfergew\u00f6hnliches einfallen lassen. Im Mai 2012 findet erstmalig ein Musikfestival in und um Wettenhausen statt mit einer vielf\u00e4ltigen Auswahl an Konzerten und Kulturveranstaltungen, die alle von der camerata vocale G\u00fcnzburg, Mitgliedern des Chores oder von der camerata vocale sehr nahe stehenden [&hellip;]\" \/>\n<meta property=\"og:url\" content=\"https:\/\/www.cameratavocale.de\/wordpress\/jubilaumsfestival-11-bis-20-mai-2012-alle-veranstaltungen\/\" \/>\n<meta property=\"og:site_name\" content=\"camerata vocale\" \/>\n<meta property=\"article:published_time\" content=\"2012-05-08T20:43:44+00:00\" \/>\n<meta property=\"article:modified_time\" content=\"2019-06-19T21:01:14+00:00\" \/>\n<meta property=\"og:image\" content=\"https:\/\/www.cameratavocale.de\/wordpress\/wp-content\/uploads\/2012\/03\/Seite_1_Titelbild_Flyer1.jpg\" \/>\n\t<meta property=\"og:image:width\" content=\"1199\" \/>\n\t<meta property=\"og:image:height\" content=\"612\" \/>\n<meta name=\"twitter:card\" content=\"summary_large_image\" \/>\n<meta name=\"twitter:label1\" content=\"Verfasst von\">\n\t<meta name=\"twitter:data1\" content=\"susanne\">\n\t<meta name=\"twitter:label2\" content=\"Gesch\u00e4tzte Lesezeit\">\n\t<meta name=\"twitter:data2\" content=\"2 Minuten\">\n<script type=\"application\/ld+json\" class=\"yoast-schema-graph\">{\"@context\":\"https:\/\/schema.org\",\"@graph\":[{\"@type\":\"Organization\",\"@id\":\"https:\/\/www.cameratavocale.de\/wordpress\/#organization\",\"name\":\"camerata vocale e.V.\",\"url\":\"https:\/\/www.cameratavocale.de\/wordpress\/\",\"sameAs\":[],\"logo\":{\"@type\":\"ImageObject\",\"@id\":\"https:\/\/www.cameratavocale.de\/wordpress\/#logo\",\"inLanguage\":\"de-DE\",\"url\":\"https:\/\/www.cameratavocale.de\/wordpress\/wp-content\/uploads\/2019\/08\/Logo_neu_anja2-1.png\",\"width\":1000,\"height\":304,\"caption\":\"camerata vocale e.V.\"},\"image\":{\"@id\":\"https:\/\/www.cameratavocale.de\/wordpress\/#logo\"}},{\"@type\":\"WebSite\",\"@id\":\"https:\/\/www.cameratavocale.de\/wordpress\/#website\",\"url\":\"https:\/\/www.cameratavocale.de\/wordpress\/\",\"name\":\"camerata vocale\",\"description\":\"Geistliche und weltliche Werke der Chorliteratur\",\"publisher\":{\"@id\":\"https:\/\/www.cameratavocale.de\/wordpress\/#organization\"},\"potentialAction\":[{\"@type\":\"SearchAction\",\"target\":\"https:\/\/www.cameratavocale.de\/wordpress\/?s={search_term_string}\",\"query-input\":\"required name=search_term_string\"}],\"inLanguage\":\"de-DE\"},{\"@type\":\"ImageObject\",\"@id\":\"https:\/\/www.cameratavocale.de\/wordpress\/jubilaumsfestival-11-bis-20-mai-2012-alle-veranstaltungen\/#primaryimage\",\"inLanguage\":\"de-DE\",\"url\":\"https:\/\/www.cameratavocale.de\/wordpress\/wp-content\/uploads\/2012\/03\/Seite_1_Titelbild_Flyer1.jpg\",\"width\":1199,\"height\":612},{\"@type\":\"WebPage\",\"@id\":\"https:\/\/www.cameratavocale.de\/wordpress\/jubilaumsfestival-11-bis-20-mai-2012-alle-veranstaltungen\/#webpage\",\"url\":\"https:\/\/www.cameratavocale.de\/wordpress\/jubilaumsfestival-11-bis-20-mai-2012-alle-veranstaltungen\/\",\"name\":\"Jubil\\u00e4umsfestival vom 11. bis 20. Mai 2012 - camerata vocale\",\"isPartOf\":{\"@id\":\"https:\/\/www.cameratavocale.de\/wordpress\/#website\"},\"primaryImageOfPage\":{\"@id\":\"https:\/\/www.cameratavocale.de\/wordpress\/jubilaumsfestival-11-bis-20-mai-2012-alle-veranstaltungen\/#primaryimage\"},\"datePublished\":\"2012-05-08T20:43:44+00:00\",\"dateModified\":\"2019-06-19T21:01:14+00:00\",\"inLanguage\":\"de-DE\",\"potentialAction\":[{\"@type\":\"ReadAction\",\"target\":[\"https:\/\/www.cameratavocale.de\/wordpress\/jubilaumsfestival-11-bis-20-mai-2012-alle-veranstaltungen\/\"]}]},{\"@type\":\"Article\",\"@id\":\"https:\/\/www.cameratavocale.de\/wordpress\/jubilaumsfestival-11-bis-20-mai-2012-alle-veranstaltungen\/#article\",\"isPartOf\":{\"@id\":\"https:\/\/www.cameratavocale.de\/wordpress\/jubilaumsfestival-11-bis-20-mai-2012-alle-veranstaltungen\/#webpage\"},\"author\":{\"@id\":\"https:\/\/www.cameratavocale.de\/wordpress\/#\/schema\/person\/9ef28013263a949ea47a07f53a79106a\"},\"headline\":\"Jubil\\u00e4umsfestival vom 11. bis 20. Mai 2012\",\"datePublished\":\"2012-05-08T20:43:44+00:00\",\"dateModified\":\"2019-06-19T21:01:14+00:00\",\"mainEntityOfPage\":{\"@id\":\"https:\/\/www.cameratavocale.de\/wordpress\/jubilaumsfestival-11-bis-20-mai-2012-alle-veranstaltungen\/#webpage\"},\"publisher\":{\"@id\":\"https:\/\/www.cameratavocale.de\/wordpress\/#organization\"},\"image\":{\"@id\":\"https:\/\/www.cameratavocale.de\/wordpress\/jubilaumsfestival-11-bis-20-mai-2012-alle-veranstaltungen\/#primaryimage\"},\"articleSection\":\"Aktuelles\",\"inLanguage\":\"de-DE\"},{\"@type\":\"Person\",\"@id\":\"https:\/\/www.cameratavocale.de\/wordpress\/#\/schema\/person\/9ef28013263a949ea47a07f53a79106a\",\"name\":\"susanne\",\"image\":{\"@type\":\"ImageObject\",\"@id\":\"https:\/\/www.cameratavocale.de\/wordpress\/#personlogo\",\"inLanguage\":\"de-DE\",\"url\":\"https:\/\/secure.gravatar.com\/avatar\/566731ea9798b4d8c3011fe30ced3ffd?s=96&d=mm&r=g\",\"caption\":\"susanne\"}}]}<\/script>\n<!-- \/ Yoast SEO plugin. -->","_links":{"self":[{"href":"https:\/\/www.cameratavocale.de\/wordpress\/wp-json\/wp\/v2\/posts\/738"}],"collection":[{"href":"https:\/\/www.cameratavocale.de\/wordpress\/wp-json\/wp\/v2\/posts"}],"about":[{"href":"https:\/\/www.cameratavocale.de\/wordpress\/wp-json\/wp\/v2\/types\/post"}],"author":[{"embeddable":true,"href":"https:\/\/www.cameratavocale.de\/wordpress\/wp-json\/wp\/v2\/users\/4"}],"replies":[{"embeddable":true,"href":"https:\/\/www.cameratavocale.de\/wordpress\/wp-json\/wp\/v2\/comments?post=738"}],"version-history":[{"count":61,"href":"https:\/\/www.cameratavocale.de\/wordpress\/wp-json\/wp\/v2\/posts\/738\/revisions"}],"predecessor-version":[{"id":2533,"href":"https:\/\/www.cameratavocale.de\/wordpress\/wp-json\/wp\/v2\/posts\/738\/revisions\/2533"}],"wp:featuredmedia":[{"embeddable":true,"href":"https:\/\/www.cameratavocale.de\/wordpress\/wp-json\/wp\/v2\/media\/780"}],"wp:attachment":[{"href":"https:\/\/www.cameratavocale.de\/wordpress\/wp-json\/wp\/v2\/media?parent=738"}],"wp:term":[{"taxonomy":"category","embeddable":true,"href":"https:\/\/www.cameratavocale.de\/wordpress\/wp-json\/wp\/v2\/categories?post=738"},{"taxonomy":"post_tag","embeddable":true,"href":"https:\/\/www.cameratavocale.de\/wordpress\/wp-json\/wp\/v2\/tags?post=738"}],"curies":[{"name":"wp","href":"https:\/\/api.w.org\/{rel}","templated":true}]}}