{"id":3211,"date":"2025-10-11T10:00:22","date_gmt":"2025-10-11T08:00:22","guid":{"rendered":"https:\/\/www.cameratavocale.de\/wordpress\/?p=3211"},"modified":"2025-11-11T23:36:53","modified_gmt":"2025-11-11T22:36:53","slug":"kartenvorverkauf-fuer-die-bach-konzert-am-15-16-november-2025","status":"publish","type":"post","link":"https:\/\/www.cameratavocale.de\/wordpress\/kartenvorverkauf-fuer-die-bach-konzert-am-15-16-november-2025\/","title":{"rendered":"Kartenvorverkauf f\u00fcr die Bach-Konzert am 15.\/16. November 2025"},"content":{"rendered":"\n<p>Online Tickets f\u00fcr die Konzerte erhalten Sie hier:<\/p>\n\n\n\n<p><a href=\"https:\/\/www.eventbrite.de\/e\/nicht-bach-meer-sollte-er-heien-registration-1747011912659?aff=oddtdtcreator\" target=\"_blank\" rel=\"noreferrer noopener\">Tickets f\u00fcr Samstag, 15. November 2025, 19.00 Uhr in der Pfarrkirche Mari\u00e4 Himmelfahrt Wei\u00dfenhorn<\/a><\/p>\n\n\n\n<p><a href=\"https:\/\/www.eventbrite.de\/e\/nicht-bach-meer-sollte-er-heien-tickets-1747068281259?aff=oddtdtcreator\" target=\"_blank\" rel=\"noreferrer noopener\">Tickets f\u00fcr Sonntag, 16. November 2025, 15.00 Uhr in der Pfarrkirche St. Paulus Leipheim<\/a><\/p>\n\n\n\n<figure class=\"wp-block-gallery columns-1 is-cropped\"><ul class=\"blocks-gallery-grid\"><li class=\"blocks-gallery-item\"><figure><img loading=\"lazy\" width=\"724\" height=\"1024\" src=\"https:\/\/www.cameratavocale.de\/wordpress\/wp-content\/uploads\/2025\/10\/251013_cv_Bach-Plakat.jpg\" alt=\"\" data-id=\"3215\" data-full-url=\"https:\/\/www.cameratavocale.de\/wordpress\/wp-content\/uploads\/2025\/10\/251013_cv_Bach-Plakat.jpg\" data-link=\"https:\/\/www.cameratavocale.de\/wordpress\/kartenvorverkauf-fuer-die-bach-konzert-am-15-16-november-2025\/251013_cv_bach-plakat\/\" class=\"wp-image-3215\" srcset=\"https:\/\/www.cameratavocale.de\/wordpress\/wp-content\/uploads\/2025\/10\/251013_cv_Bach-Plakat.jpg 724w, https:\/\/www.cameratavocale.de\/wordpress\/wp-content\/uploads\/2025\/10\/251013_cv_Bach-Plakat-707x1000.jpg 707w\" sizes=\"(max-width: 724px) 100vw, 724px\" \/><\/figure><\/li><\/ul><figcaption class=\"blocks-gallery-caption\">Konzertplakat<\/figcaption><\/figure>\n","protected":false},"excerpt":{"rendered":"<p>Online Tickets f\u00fcr die Konzerte erhalten Sie hier: Tickets f\u00fcr Samstag, 15. November 2025, 19.00 Uhr in der Pfarrkirche Mari\u00e4 Himmelfahrt Wei\u00dfenhorn Tickets f\u00fcr Sonntag, 16. November 2025, 15.00 Uhr in der Pfarrkirche St. Paulus Leipheim<\/p>\n","protected":false},"author":4,"featured_media":0,"comment_status":"closed","ping_status":"closed","sticky":false,"template":"","format":"standard","meta":{"ngg_post_thumbnail":0},"categories":[6,1],"tags":[],"yoast_head":"<!-- This site is optimized with the Yoast SEO plugin v15.4 - https:\/\/yoast.com\/wordpress\/plugins\/seo\/ -->\n<title>Kartenvorverkauf f\u00fcr die Bach-Konzert am 15.\/16. November 2025 - camerata vocale<\/title>\n<meta name=\"robots\" content=\"index, follow, max-snippet:-1, max-image-preview:large, max-video-preview:-1\" \/>\n<link rel=\"canonical\" href=\"https:\/\/www.cameratavocale.de\/wordpress\/kartenvorverkauf-fuer-die-bach-konzert-am-15-16-november-2025\/\" \/>\n<meta property=\"og:locale\" content=\"de_DE\" \/>\n<meta property=\"og:type\" content=\"article\" \/>\n<meta property=\"og:title\" content=\"Kartenvorverkauf f\u00fcr die Bach-Konzert am 15.\/16. November 2025 - camerata vocale\" \/>\n<meta property=\"og:description\" content=\"Online Tickets f\u00fcr die Konzerte erhalten Sie hier: Tickets f\u00fcr Samstag, 15. November 2025, 19.00 Uhr in der Pfarrkirche Mari\u00e4 Himmelfahrt Wei\u00dfenhorn Tickets f\u00fcr Sonntag, 16. November 2025, 15.00 Uhr in der Pfarrkirche St. Paulus Leipheim\" \/>\n<meta property=\"og:url\" content=\"https:\/\/www.cameratavocale.de\/wordpress\/kartenvorverkauf-fuer-die-bach-konzert-am-15-16-november-2025\/\" \/>\n<meta property=\"og:site_name\" content=\"camerata vocale\" \/>\n<meta property=\"article:published_time\" content=\"2025-10-11T08:00:22+00:00\" \/>\n<meta property=\"article:modified_time\" content=\"2025-11-11T22:36:53+00:00\" \/>\n<meta property=\"og:image\" content=\"https:\/\/www.cameratavocale.de\/wordpress\/wp-content\/uploads\/2025\/10\/251013_cv_Bach-Plakat.jpg\" \/>\n<meta name=\"twitter:card\" content=\"summary_large_image\" \/>\n<meta name=\"twitter:label1\" content=\"Verfasst von\">\n\t<meta name=\"twitter:data1\" content=\"susanne\">\n\t<meta name=\"twitter:label2\" content=\"Gesch\u00e4tzte Lesezeit\">\n\t<meta name=\"twitter:data2\" content=\"0 Minuten\">\n<script type=\"application\/ld+json\" class=\"yoast-schema-graph\">{\"@context\":\"https:\/\/schema.org\",\"@graph\":[{\"@type\":\"Organization\",\"@id\":\"https:\/\/www.cameratavocale.de\/wordpress\/#organization\",\"name\":\"camerata vocale e.V.\",\"url\":\"https:\/\/www.cameratavocale.de\/wordpress\/\",\"sameAs\":[],\"logo\":{\"@type\":\"ImageObject\",\"@id\":\"https:\/\/www.cameratavocale.de\/wordpress\/#logo\",\"inLanguage\":\"de-DE\",\"url\":\"https:\/\/www.cameratavocale.de\/wordpress\/wp-content\/uploads\/2019\/08\/Logo_neu_anja2-1.png\",\"width\":1000,\"height\":304,\"caption\":\"camerata vocale e.V.\"},\"image\":{\"@id\":\"https:\/\/www.cameratavocale.de\/wordpress\/#logo\"}},{\"@type\":\"WebSite\",\"@id\":\"https:\/\/www.cameratavocale.de\/wordpress\/#website\",\"url\":\"https:\/\/www.cameratavocale.de\/wordpress\/\",\"name\":\"camerata vocale\",\"description\":\"Geistliche und weltliche Werke der Chorliteratur\",\"publisher\":{\"@id\":\"https:\/\/www.cameratavocale.de\/wordpress\/#organization\"},\"potentialAction\":[{\"@type\":\"SearchAction\",\"target\":\"https:\/\/www.cameratavocale.de\/wordpress\/?s={search_term_string}\",\"query-input\":\"required name=search_term_string\"}],\"inLanguage\":\"de-DE\"},{\"@type\":\"ImageObject\",\"@id\":\"https:\/\/www.cameratavocale.de\/wordpress\/kartenvorverkauf-fuer-die-bach-konzert-am-15-16-november-2025\/#primaryimage\",\"inLanguage\":\"de-DE\",\"url\":\"https:\/\/www.cameratavocale.de\/wordpress\/wp-content\/uploads\/2025\/10\/251013_cv_Bach-Plakat.jpg\",\"width\":724,\"height\":1024},{\"@type\":\"WebPage\",\"@id\":\"https:\/\/www.cameratavocale.de\/wordpress\/kartenvorverkauf-fuer-die-bach-konzert-am-15-16-november-2025\/#webpage\",\"url\":\"https:\/\/www.cameratavocale.de\/wordpress\/kartenvorverkauf-fuer-die-bach-konzert-am-15-16-november-2025\/\",\"name\":\"Kartenvorverkauf f\\u00fcr die Bach-Konzert am 15.\/16. November 2025 - camerata vocale\",\"isPartOf\":{\"@id\":\"https:\/\/www.cameratavocale.de\/wordpress\/#website\"},\"primaryImageOfPage\":{\"@id\":\"https:\/\/www.cameratavocale.de\/wordpress\/kartenvorverkauf-fuer-die-bach-konzert-am-15-16-november-2025\/#primaryimage\"},\"datePublished\":\"2025-10-11T08:00:22+00:00\",\"dateModified\":\"2025-11-11T22:36:53+00:00\",\"inLanguage\":\"de-DE\",\"potentialAction\":[{\"@type\":\"ReadAction\",\"target\":[\"https:\/\/www.cameratavocale.de\/wordpress\/kartenvorverkauf-fuer-die-bach-konzert-am-15-16-november-2025\/\"]}]},{\"@type\":\"Article\",\"@id\":\"https:\/\/www.cameratavocale.de\/wordpress\/kartenvorverkauf-fuer-die-bach-konzert-am-15-16-november-2025\/#article\",\"isPartOf\":{\"@id\":\"https:\/\/www.cameratavocale.de\/wordpress\/kartenvorverkauf-fuer-die-bach-konzert-am-15-16-november-2025\/#webpage\"},\"author\":{\"@id\":\"https:\/\/www.cameratavocale.de\/wordpress\/#\/schema\/person\/9ef28013263a949ea47a07f53a79106a\"},\"headline\":\"Kartenvorverkauf f\\u00fcr die Bach-Konzert am 15.\/16. November 2025\",\"datePublished\":\"2025-10-11T08:00:22+00:00\",\"dateModified\":\"2025-11-11T22:36:53+00:00\",\"mainEntityOfPage\":{\"@id\":\"https:\/\/www.cameratavocale.de\/wordpress\/kartenvorverkauf-fuer-die-bach-konzert-am-15-16-november-2025\/#webpage\"},\"publisher\":{\"@id\":\"https:\/\/www.cameratavocale.de\/wordpress\/#organization\"},\"image\":{\"@id\":\"https:\/\/www.cameratavocale.de\/wordpress\/kartenvorverkauf-fuer-die-bach-konzert-am-15-16-november-2025\/#primaryimage\"},\"articleSection\":\"Aktuelles\",\"inLanguage\":\"de-DE\"},{\"@type\":\"Person\",\"@id\":\"https:\/\/www.cameratavocale.de\/wordpress\/#\/schema\/person\/9ef28013263a949ea47a07f53a79106a\",\"name\":\"susanne\",\"image\":{\"@type\":\"ImageObject\",\"@id\":\"https:\/\/www.cameratavocale.de\/wordpress\/#personlogo\",\"inLanguage\":\"de-DE\",\"url\":\"https:\/\/secure.gravatar.com\/avatar\/566731ea9798b4d8c3011fe30ced3ffd?s=96&d=mm&r=g\",\"caption\":\"susanne\"}}]}<\/script>\n<!-- \/ Yoast SEO plugin. -->","_links":{"self":[{"href":"https:\/\/www.cameratavocale.de\/wordpress\/wp-json\/wp\/v2\/posts\/3211"}],"collection":[{"href":"https:\/\/www.cameratavocale.de\/wordpress\/wp-json\/wp\/v2\/posts"}],"about":[{"href":"https:\/\/www.cameratavocale.de\/wordpress\/wp-json\/wp\/v2\/types\/post"}],"author":[{"embeddable":true,"href":"https:\/\/www.cameratavocale.de\/wordpress\/wp-json\/wp\/v2\/users\/4"}],"replies":[{"embeddable":true,"href":"https:\/\/www.cameratavocale.de\/wordpress\/wp-json\/wp\/v2\/comments?post=3211"}],"version-history":[{"count":4,"href":"https:\/\/www.cameratavocale.de\/wordpress\/wp-json\/wp\/v2\/posts\/3211\/revisions"}],"predecessor-version":[{"id":3217,"href":"https:\/\/www.cameratavocale.de\/wordpress\/wp-json\/wp\/v2\/posts\/3211\/revisions\/3217"}],"wp:attachment":[{"href":"https:\/\/www.cameratavocale.de\/wordpress\/wp-json\/wp\/v2\/media?parent=3211"}],"wp:term":[{"taxonomy":"category","embeddable":true,"href":"https:\/\/www.cameratavocale.de\/wordpress\/wp-json\/wp\/v2\/categories?post=3211"},{"taxonomy":"post_tag","embeddable":true,"href":"https:\/\/www.cameratavocale.de\/wordpress\/wp-json\/wp\/v2\/tags?post=3211"}],"curies":[{"name":"wp","href":"https:\/\/api.w.org\/{rel}","templated":true}]}}